{"id":154,"date":"2024-06-30T21:05:58","date_gmt":"2024-06-30T21:05:58","guid":{"rendered":"https:\/\/diabetemonteregie.com\/?p=154"},"modified":"2024-11-04T15:25:10","modified_gmt":"2024-11-04T20:25:10","slug":"article-2","status":"publish","type":"post","link":"https:\/\/diabetemonteregie.com\/en\/article-2\/","title":{"rendered":"Nouveau Pacte mondial pour acc\u00e9l\u00e9rer la lutte contre le diab\u00e8te"},"content":{"rendered":"<p>Le lancement du Pacte aura lieu aujourd\u2019hui \u00e0 l\u2019occasion du Sommet mondial sur le diab\u00e8te, co-organis\u00e9 par l\u2019OMS et le Gouvernement du Canada avec l\u2019appui de l\u2019Universit\u00e9 de Toronto. Au cours de l\u2019\u00e9v\u00e9nement, le Pr\u00e9sident du Kenya se joindra aux Premiers Ministres des Fidji, de la Norv\u00e8ge et de Singapour ; \u00e0 l\u2019Ambassadeur mondial de l\u2019OMS charg\u00e9 des maladies non transmissibles et des traumatismes, Michael R. Bloomberg ; et aux ministres de la sant\u00e9 de diff\u00e9rents pays, ainsi qu\u2019aux experts sur le diab\u00e8te et aux personnes atteintes de diab\u00e8te, afin de pr\u00e9senter par quels moyens ils appuieront cette nouvelle initiative, qui est le fruit d\u2019une action concert\u00e9e. D\u2019autres organismes des Nations Unies, des partenaires de la soci\u00e9t\u00e9 civile et des repr\u00e9sentants du secteur priv\u00e9 seront \u00e9galement pr\u00e9sents.<\/p>\n\n\n\n<h3 class=\"wp-block-heading\">Le risque de d\u00e9c\u00e8s pr\u00e9matur\u00e9s dus au diab\u00e8te est en augmentation<\/h3>\n\n\n\n<p>\u00ab L\u2019urgente n\u00e9cessit\u00e9 de lutter contre le diab\u00e8te n\u2019est jamais apparue aussi clairement \u00bb, a d\u00e9clar\u00e9 le Dr&nbsp;Tedros Adhanom Ghebreyesus, Directeur g\u00e9n\u00e9ral de l\u2019Organisation mondiale de la Sant\u00e9. \u00ab Le nombre de personnes atteintes de diab\u00e8te a quadrupl\u00e9 au cours des 40 derni\u00e8res ann\u00e9es, et il s\u2019agit de la seule grande maladie non transmissible pour laquelle le risque de mourir t\u00f4t est en augmentation, plut\u00f4t qu\u2019en baisse. En outre, une proportion \u00e9lev\u00e9e de personnes hospitalis\u00e9es pour des formes graves de la COVID-19 sont atteintes de diab\u00e8te. Le Pacte mondial contre le diab\u00e8te contribuera \u00e0 renforcer l\u2019adh\u00e9sion politique aux mesures visant \u00e0 accro\u00eetre l\u2019accessibilit\u00e9, notamment l\u2019accessibilit\u00e9 \u00e9conomique, des m\u00e9dicaments vitaux contre le diab\u00e8te, ainsi qu\u2019aux mesures de pr\u00e9vention et de diagnostic. \u00bb<\/p>\n\n\n\n<p>\u00ab Le Canada est fier de son engagement de longue date dans la recherche et l\u2019innovation autour du diab\u00e8te. De 1921, ann\u00e9e de la d\u00e9couverte de l\u2019insuline, \u00e0 aujourd\u2019hui, un si\u00e8cle plus tard, nous avons apport\u00e9 un soutien aux personnes atteintes de diab\u00e8te \u00bb, a d\u00e9clar\u00e9 Patty Hajdu, Ministre de la sant\u00e9 du Canada. \u00ab Mais nous ne saurions arriver \u00e0 bout du diab\u00e8te seuls. Nous devons mettre en commun nos connaissances et favoriser la collaboration internationale pour aider les personnes atteintes de diab\u00e8te \u00e0 vivre plus longtemps et en meilleure sant\u00e9 \u2014 au Canada et partout ailleurs. \u00bb<\/p>\n\n\n\n<h3 class=\"wp-block-heading\">Agir de toute urgence pour renforcer l\u2019acc\u00e8s \u00e0 l\u2019insuline \u00e0 un prix abordable<\/h3>\n\n\n\n<p>L\u2019une des plus grandes urgences est de renforcer l\u2019acc\u00e8s aux outils de diagnostic du diab\u00e8te et aux m\u00e9dicaments contre le diab\u00e8te, en particulier \u00e0 l\u2019insuline, dans les pays \u00e0 revenu faible ou interm\u00e9diaire.<\/p>\n\n\n\n<p>Le lancement par l\u2019OMS, en 2019, d\u2019un programme pilote visant \u00e0 pr\u00e9qualifier l\u2019insuline a constitu\u00e9 une \u00e9tape importante. Actuellement, le march\u00e9 de l\u2019insuline est domin\u00e9 par trois entreprises. Pr\u00e9qualifier de l\u2019insuline produite par un plus grand nombre de fabricants pourrait contribuer \u00e0 accro\u00eetre la disponibilit\u00e9 d\u2019une insuline de qualit\u00e9 assur\u00e9e dans les pays qui ne r\u00e9pondent actuellement pas \u00e0 la demande. Des discussions ont d\u00e9j\u00e0 \u00e9t\u00e9 engag\u00e9es avec des fabricants d\u2019insuline et d\u2019autres m\u00e9dicaments contre le diab\u00e8te, ainsi que d\u2019outils de diagnostic, sur les moyens de faire face \u00e0 la demande tout en pratiquant des prix abordables pour les pays.<\/p>\n\n\n\n<p>L\u2019insuline n\u2019est pas la seule ressource rare : beaucoup de personnes peinent \u00e9galement \u00e0 se procurer des lecteurs de glyc\u00e9mie et des bandelettes r\u00e9actives \u00e0 des prix abordables.&nbsp;&nbsp;<\/p>\n\n\n\n<p>En outre, pr\u00e8s de la moiti\u00e9 des adultes atteints de diab\u00e8te de type 2 ne sont toujours pas diagnostiqu\u00e9s et la moiti\u00e9 des personnes atteintes de ce type de diab\u00e8te n\u2019obtiennent pas l\u2019insuline dont elles ont besoin, ce qui les expose \u00e0 un risque \u00e9vitable de complications invalidantes et irr\u00e9versibles comme la mort pr\u00e9matur\u00e9e, l\u2019amputation d\u2019un membre et la c\u00e9cit\u00e9.<\/p>\n\n\n\n<p>L\u2019innovation sera l\u2019un des \u00e9l\u00e9ments centraux du Pacte, et l\u2019accent sera plac\u00e9 sur la mise au point et l\u2019\u00e9valuation de technologies \u00e0 faible co\u00fbt et de solutions num\u00e9riques pour la prise en charge du diab\u00e8te.<\/p>\n\n\n\n<h3 class=\"wp-block-heading\">Objectifs mondiaux \u00e0 convenir<\/h3>\n\n\n\n<p>Le Pacte mettra l\u2019accent sur le renforcement des progr\u00e8s en d\u00e9finissant des objectifs mondiaux en mati\u00e8re de port\u00e9e de la prise en charge du diab\u00e8te. Estimer le niveau de d\u00e9penses \u00e0 l\u2019\u00e9chelle mondiale permettra de quantifier les co\u00fbts et les avantages associ\u00e9s \u00e0 la r\u00e9alisation de ces nouveaux objectifs. En outre, le Pacte pr\u00e9conisera le respect de l\u2019engagement pris par les \u00c9tats d\u2019inclure la pr\u00e9vention et la prise en charge du diab\u00e8te dans les soins de sant\u00e9 primaires et les programmes visant \u00e0 atteindre la couverture sanitaire universelle.<\/p>\n\n\n\n<p>\u00ab L\u2019un des principaux objectifs du Pacte mondial contre le diab\u00e8te est d\u2019unir les principales parties prenantes des secteurs public et priv\u00e9 et, chose essentielle, les personnes atteintes de diab\u00e8te, autour d\u2019un projet commun, afin d\u2019imprimer un nouvel \u00e9lan et de trouver ensemble des solutions \u00bb, a d\u00e9clar\u00e9 le Dr&nbsp;Bente Mikkelsen, Directeur du D\u00e9partement des maladies non transmissibles de l\u2019OMS. \u00ab L\u2019approche&nbsp;\u00ab&nbsp;tous \u00e0 l\u2019\u0153uvre&nbsp;\u00bb adopt\u00e9e face \u00e0 la COVID-19 nous montre toute l\u2019\u00e9tendue des r\u00e9alisations possibles lorsque diff\u00e9rents secteurs s\u2019unissent pour trouver des solutions \u00e0 un probl\u00e8me urgent de sant\u00e9 publique. \u00bb<\/p>\n\n\n\n<p>Lors du Sommet, des personnes atteintes de diab\u00e8te vivant aux \u00c9tats-Unis, en Inde, au Liban, en R\u00e9publique-Unie de Tanzanie, \u00e0 Singapour et au Zimbabwe s\u2019exprimeront&nbsp;; elles raconteront les difficult\u00e9s qu\u2019elles rencontrent pour prendre en charge leur diab\u00e8te, et feront l\u2019\u00e9bauche de solutions possibles pour surmonter ces obstacles. Une partie du Sommet a \u00e9t\u00e9 pens\u00e9 avec des personnes atteintes de diab\u00e8te et donnera \u00e0 ces personnes l\u2019occasion d\u2019expliquer au monde ce qu\u2019elles attendent du Pacte et la fa\u00e7on dont elles souhaiteraient \u00eatre associ\u00e9es \u00e0 son perfectionnement et \u00e0 sa mise en \u0153uvre.<\/p>\n\n\n\n<p>\u00ab Il est temps de donner une impulsion, non seulement pour garantir que les personnes atteintes de diab\u00e8te puissent vivre, mais aussi s\u2019\u00e9panouir \u00bb, a d\u00e9clar\u00e9 la Dre&nbsp;Apoorva Gomber, une d\u00e9fenseuse du diab\u00e8te atteinte de diab\u00e8te de type 1, qui participera au Sommet. \u00ab Nous devons saisir \u00e0 deux mains cette occasion que nous offre le Pacte et la mettre \u00e0 profit, afin que dans quelques ann\u00e9es, nous puissions regarder en arri\u00e8re et nous dire qu\u2019enfin, nos pays sont \u00e0 m\u00eame d\u2019aider les personnes atteintes de diab\u00e8te \u00e0 mener une vie productive et en bonne sant\u00e9. \u00bb<\/p>","protected":false},"excerpt":{"rendered":"<p>Le lancement du Pacte aura lieu aujourd\u2019hui \u00e0 l\u2019occasion du Sommet mondial sur le diab\u00e8te, co-organis\u00e9 par l\u2019OMS et le Gouvernement du Canada avec l\u2019appui de l\u2019Universit\u00e9 de Toronto. Au cours de l\u2019\u00e9v\u00e9nement, le Pr\u00e9sident du Kenya se joindra aux Premiers Ministres des Fidji, de la Norv\u00e8ge et de Singapour ; \u00e0 l\u2019Ambassadeur mondial de [&hellip;]<\/p>","protected":false},"author":1,"featured_media":230,"comment_status":"closed","ping_status":"closed","sticky":false,"template":"","format":"standard","meta":{"footnotes":""},"categories":[9],"tags":[],"class_list":["post-154","post","type-post","status-publish","format-standard","has-post-thumbnail","hentry","category-actualites"],"_links":{"self":[{"href":"https:\/\/diabetemonteregie.com\/en\/wp-json\/wp\/v2\/posts\/154","targetHints":{"allow":["GET"]}}],"collection":[{"href":"https:\/\/diabetemonteregie.com\/en\/wp-json\/wp\/v2\/posts"}],"about":[{"href":"https:\/\/diabetemonteregie.com\/en\/wp-json\/wp\/v2\/types\/post"}],"author":[{"embeddable":true,"href":"https:\/\/diabetemonteregie.com\/en\/wp-json\/wp\/v2\/users\/1"}],"replies":[{"embeddable":true,"href":"https:\/\/diabetemonteregie.com\/en\/wp-json\/wp\/v2\/comments?post=154"}],"version-history":[{"count":2,"href":"https:\/\/diabetemonteregie.com\/en\/wp-json\/wp\/v2\/posts\/154\/revisions"}],"predecessor-version":[{"id":229,"href":"https:\/\/diabetemonteregie.com\/en\/wp-json\/wp\/v2\/posts\/154\/revisions\/229"}],"wp:featuredmedia":[{"embeddable":true,"href":"https:\/\/diabetemonteregie.com\/en\/wp-json\/wp\/v2\/media\/230"}],"wp:attachment":[{"href":"https:\/\/diabetemonteregie.com\/en\/wp-json\/wp\/v2\/media?parent=154"}],"wp:term":[{"taxonomy":"category","embeddable":true,"href":"https:\/\/diabetemonteregie.com\/en\/wp-json\/wp\/v2\/categories?post=154"},{"taxonomy":"post_tag","embeddable":true,"href":"https:\/\/diabetemonteregie.com\/en\/wp-json\/wp\/v2\/tags?post=154"}],"curies":[{"name":"wp","href":"https:\/\/api.w.org\/{rel}","templated":true}]}}